{"id":1871,"date":"2019-01-11T00:00:22","date_gmt":"2019-01-10T23:00:22","guid":{"rendered":"http:\/\/fhpsbsc.be\/?p=1871"},"modified":"2019-02-06T19:15:16","modified_gmt":"2019-02-06T18:15:16","slug":"peste-porcine-africaine-11-01-2019","status":"publish","type":"post","link":"https:\/\/fhpsbsc.be\/index.php\/2019\/01\/11\/peste-porcine-africaine-11-01-2019\/","title":{"rendered":"Peste Porcine Africaine 11\/01\/2019"},"content":{"rendered":"<div class=\"fusion-fullwidth fullwidth-box fusion-builder-row-1 nonhundred-percent-fullwidth non-hundred-percent-height-scrolling\" style=\"background-color: rgba(255,255,255,0);background-position: center center;background-repeat: no-repeat;padding-top:0px;padding-right:0px;padding-bottom:0px;padding-left:0px;margin-bottom: 0px;margin-top: 0px;border-width: 0px 0px 0px 0px;border-color:#eae9e9;border-style:solid;\" ><div class=\"fusion-builder-row fusion-row\"><div class=\"fusion-layout-column fusion_builder_column fusion-builder-column-0 fusion_builder_column_1_1 1_1 fusion-one-full fusion-column-first fusion-column-last\" style=\"margin-top:0px;margin-bottom:0px;\"><div class=\"fusion-column-wrapper fusion-flex-column-wrapper-legacy\" style=\"background-position:left top;background-repeat:no-repeat;-webkit-background-size:cover;-moz-background-size:cover;-o-background-size:cover;background-size:cover;padding: 0px 0px 0px 0px;\"><div class=\"fusion-text fusion-text-1\" style=\"transform:translate3d(0,0,0);\"><div id=\"maincontent_right\" class=\"one-sidebar sidebar-left\">\n<div id=\"content\">\n<div id=\"maincontent\">\n<h1 id=\"page-title\" class=\"title\">Peste porcine africaine : les zones tampon et de vigilance \u00e9largies<\/h1>\n<div id=\"content\">\n<div id=\"node\" class=\"node sticky clear-block\">\n<div class=\"meta\"><span class=\"submitted\">Publi\u00e9 le 11\/01\/2019 <\/span><\/div>\n<div class=\"content\">\n<p>Faisant suite \u00e0 la d\u00e9couverte, mardi dernier, de 2 sangliers contr\u00f4l\u00e9s positifs \u00e0 la peste porcine africaine dans la zone d\u2019observation renforc\u00e9e, entre Meix-devant-Virton et Sommethonne,\u00a0<strong>le Gouvernement wallon a d\u00e9cid\u00e9, sur proposition du Ministre wallon de la Nature et de la For\u00eat, Ren\u00e9 COLLIN, en concertation avec les autorit\u00e9s europ\u00e9ennes et l\u2019AFSCA, d\u2019\u00e9largir le p\u00e9rim\u00e8tre des zones tampon et de vigilance.<\/strong><\/p>\n<p>La zone tampon est d\u00e9sormais \u00e9largie \u00e0 l\u2019ouest de 3700 hectares sur le territoire compris entre la Nationale 88 (Limes-G\u00e9rouville) et la Nationale 871 (Virton-Rouvroy-fronti\u00e8re fran\u00e7aise).<\/p>\n<p>Les mesures concernant la zone tampon restent inchang\u00e9es\u00a0:<\/p>\n<p>&#8211;\u00a0 Interdiction de chasse, de nourrissage, de circulation ;<\/p>\n<p>&#8211;\u00a0 Exploitation foresti\u00e8re sur base de d\u00e9rogations individuelles r\u00e9serv\u00e9es aux professionnels.<\/p>\n<p>Des recherches syst\u00e9matiques de cadavres de sanglier ont \u00e9t\u00e9 intensifi\u00e9es cette semaine et sont encore poursuivies dans cette zone et dans la zone d\u2019observation renforc\u00e9e.<\/p>\n<p>La zone de vigilance au nord du p\u00e9rim\u00e8tre infect\u00e9, et dans lequel aucun sanglier positif n\u2019a \u00e9t\u00e9 trouv\u00e9, a en outre \u00e9t\u00e9 \u00e9tendue de 856 hectares \u00e0 proximit\u00e9 de la ville de Florenville, n\u2019entrainant aucune cons\u00e9quence pour la circulation et les travaux forestiers. Il est, par ailleurs, rappel\u00e9 que dans cette zone, comme en zone d\u2019observation renforc\u00e9e, une d\u00e9population totale des sangliers a \u00e9t\u00e9 d\u00e9cid\u00e9e.<\/p>\n<p><a href=\"http:\/\/collin.wallonie.be\/files\/Images\/Limites_PPA_20190111_sans_noyau.jpg\" target=\"_blank\" rel=\"noopener\"><img src=\"http:\/\/collin.wallonie.be\/files\/Images\/Limites_PPA_20190111_sans_noyau.jpg\" alt=\"Limites_PPA_20190111_sans_noyau.jpg\" \/><\/a><\/p>\n<p>Un dispositif de renforcement de destruction des sangliers par pi\u00e9geage a \u00e9t\u00e9 mis en place. Un r\u00e9seau de cl\u00f4tures suppl\u00e9mentaires est en chantier. Des patrouilles de nuit sont organis\u00e9es par le DNF en collaboration avec les chasseurs.<\/p>\n<p>Enfin, le Ministre confirme qu\u2019il a donn\u00e9 instruction pour une programmation des travaux forestiers prioritaires dans la lutte contre les bois scolyt\u00e9s et ce, dans toutes les zones. Les d\u00e9lais de d\u00e9but de travaux n\u2019ont pas encore \u00e9t\u00e9 d\u00e9termin\u00e9s mais il est d\u00e9j\u00e0 acquis que la d\u00e9sinfection indispensable du mat\u00e9riel forestier d\u2019exploitation s\u2019effectuera aux frais de la Wallonie par une soci\u00e9t\u00e9 sp\u00e9cialis\u00e9e d\u00e9sign\u00e9e \u00e0 cette fin, sur base d\u2019un march\u00e9 public.<\/p>\n<p><strong>Contact Presse\u00a0:<\/strong> Anne-Sophie TIHON \u2013 0494\/98.79.39 \u2013 <a href=\"mailto:anne-sophie.tihon@gov.wallonie.be\">anne-sophie.tihon@gov.wallonie.be<\/a><\/p>\n<\/div>\n<div class=\"more-link\"><a class=\"btn\" href=\"http:\/\/collin.wallonie.be\/home\/presse--actualites\/communiques-de-presse.html\">Tous les communiqu\u00e9s<\/a><\/div>\n<\/div>\n<\/div>\n<\/div>\n<div class=\"clear\"><\/div>\n<\/div>\n<\/div>\n<div class=\"clear\"><\/div>\n<\/div><div class=\"fusion-clearfix\"><\/div><\/div><\/div><\/div><\/div>\n","protected":false},"excerpt":{"rendered":"","protected":false},"author":1,"featured_media":0,"comment_status":"open","ping_status":"open","sticky":false,"template":"","format":"standard","meta":{"_monsterinsights_skip_tracking":false,"_monsterinsights_sitenote_active":false,"_monsterinsights_sitenote_note":"","_monsterinsights_sitenote_category":0},"categories":[42],"tags":[],"yoast_head":"<!-- This site is optimized with the Yoast SEO plugin v17.9 - https:\/\/yoast.com\/wordpress\/plugins\/seo\/ -->\n<title>Peste Porcine Africaine 11\/01\/2019 - F\u00e9d\u00e9ration Halieutique et Piscicole du Sous Bassin Semois-Chiers<\/title>\n<meta name=\"robots\" content=\"index, follow, max-snippet:-1, max-image-preview:large, max-video-preview:-1\" \/>\n<link rel=\"canonical\" href=\"https:\/\/fhpsbsc.be\/index.php\/2019\/01\/11\/peste-porcine-africaine-11-01-2019\/\" \/>\n<meta property=\"og:locale\" content=\"fr_FR\" \/>\n<meta property=\"og:type\" content=\"article\" \/>\n<meta property=\"og:title\" content=\"Peste Porcine Africaine 11\/01\/2019 - F\u00e9d\u00e9ration Halieutique et Piscicole du Sous Bassin Semois-Chiers\" \/>\n<meta property=\"og:url\" content=\"https:\/\/fhpsbsc.be\/index.php\/2019\/01\/11\/peste-porcine-africaine-11-01-2019\/\" \/>\n<meta property=\"og:site_name\" content=\"F\u00e9d\u00e9ration Halieutique et Piscicole du Sous Bassin Semois-Chiers\" \/>\n<meta property=\"article:published_time\" content=\"2019-01-10T23:00:22+00:00\" \/>\n<meta property=\"article:modified_time\" content=\"2019-02-06T18:15:16+00:00\" \/>\n<meta property=\"og:image\" content=\"http:\/\/collin.wallonie.be\/files\/Images\/Limites_PPA_20190111_sans_noyau.jpg\" \/>\n<meta name=\"twitter:card\" content=\"summary_large_image\" \/>\n<meta name=\"twitter:label1\" content=\"\u00c9crit par\" \/>\n\t<meta name=\"twitter:data1\" content=\"admin\" \/>\n\t<meta name=\"twitter:label2\" content=\"Dur\u00e9e de lecture estim\u00e9e\" \/>\n\t<meta name=\"twitter:data2\" content=\"3 minutes\" \/>\n<script type=\"application\/ld+json\" class=\"yoast-schema-graph\">{\"@context\":\"https:\/\/schema.org\",\"@graph\":[{\"@type\":\"WebSite\",\"@id\":\"https:\/\/fhpsbsc.be\/#website\",\"url\":\"https:\/\/fhpsbsc.be\/\",\"name\":\"F\\u00e9d\\u00e9ration Halieutique et Piscicole du Sous Bassin Semois-Chiers\",\"description\":\"\",\"potentialAction\":[{\"@type\":\"SearchAction\",\"target\":{\"@type\":\"EntryPoint\",\"urlTemplate\":\"https:\/\/fhpsbsc.be\/?s={search_term_string}\"},\"query-input\":\"required name=search_term_string\"}],\"inLanguage\":\"fr-FR\"},{\"@type\":\"ImageObject\",\"@id\":\"https:\/\/fhpsbsc.be\/index.php\/2019\/01\/11\/peste-porcine-africaine-11-01-2019\/#primaryimage\",\"inLanguage\":\"fr-FR\",\"url\":\"http:\/\/collin.wallonie.be\/files\/Images\/Limites_PPA_20190111_sans_noyau.jpg\",\"contentUrl\":\"http:\/\/collin.wallonie.be\/files\/Images\/Limites_PPA_20190111_sans_noyau.jpg\"},{\"@type\":\"WebPage\",\"@id\":\"https:\/\/fhpsbsc.be\/index.php\/2019\/01\/11\/peste-porcine-africaine-11-01-2019\/#webpage\",\"url\":\"https:\/\/fhpsbsc.be\/index.php\/2019\/01\/11\/peste-porcine-africaine-11-01-2019\/\",\"name\":\"Peste Porcine Africaine 11\/01\/2019 - F\\u00e9d\\u00e9ration Halieutique et Piscicole du Sous Bassin Semois-Chiers\",\"isPartOf\":{\"@id\":\"https:\/\/fhpsbsc.be\/#website\"},\"primaryImageOfPage\":{\"@id\":\"https:\/\/fhpsbsc.be\/index.php\/2019\/01\/11\/peste-porcine-africaine-11-01-2019\/#primaryimage\"},\"datePublished\":\"2019-01-10T23:00:22+00:00\",\"dateModified\":\"2019-02-06T18:15:16+00:00\",\"author\":{\"@id\":\"https:\/\/fhpsbsc.be\/#\/schema\/person\/0a42b673e087e97a00541703add640e1\"},\"breadcrumb\":{\"@id\":\"https:\/\/fhpsbsc.be\/index.php\/2019\/01\/11\/peste-porcine-africaine-11-01-2019\/#breadcrumb\"},\"inLanguage\":\"fr-FR\",\"potentialAction\":[{\"@type\":\"ReadAction\",\"target\":[\"https:\/\/fhpsbsc.be\/index.php\/2019\/01\/11\/peste-porcine-africaine-11-01-2019\/\"]}]},{\"@type\":\"BreadcrumbList\",\"@id\":\"https:\/\/fhpsbsc.be\/index.php\/2019\/01\/11\/peste-porcine-africaine-11-01-2019\/#breadcrumb\",\"itemListElement\":[{\"@type\":\"ListItem\",\"position\":1,\"name\":\"Accueil\",\"item\":\"https:\/\/fhpsbsc.be\/\"},{\"@type\":\"ListItem\",\"position\":2,\"name\":\"Peste Porcine Africaine 11\/01\/2019\"}]},{\"@type\":\"Person\",\"@id\":\"https:\/\/fhpsbsc.be\/#\/schema\/person\/0a42b673e087e97a00541703add640e1\",\"name\":\"admin\",\"image\":{\"@type\":\"ImageObject\",\"@id\":\"https:\/\/fhpsbsc.be\/#personlogo\",\"inLanguage\":\"fr-FR\",\"url\":\"https:\/\/secure.gravatar.com\/avatar\/0a9d908781d5b1516681b898614856d6?s=96&d=mm&r=g\",\"contentUrl\":\"https:\/\/secure.gravatar.com\/avatar\/0a9d908781d5b1516681b898614856d6?s=96&d=mm&r=g\",\"caption\":\"admin\"},\"url\":\"https:\/\/fhpsbsc.be\/index.php\/author\/admin9246\/\"}]}<\/script>\n<!-- \/ Yoast SEO plugin. -->","yoast_head_json":{"title":"Peste Porcine Africaine 11\/01\/2019 - F\u00e9d\u00e9ration Halieutique et Piscicole du Sous Bassin Semois-Chiers","robots":{"index":"index","follow":"follow","max-snippet":"max-snippet:-1","max-image-preview":"max-image-preview:large","max-video-preview":"max-video-preview:-1"},"canonical":"https:\/\/fhpsbsc.be\/index.php\/2019\/01\/11\/peste-porcine-africaine-11-01-2019\/","og_locale":"fr_FR","og_type":"article","og_title":"Peste Porcine Africaine 11\/01\/2019 - F\u00e9d\u00e9ration Halieutique et Piscicole du Sous Bassin Semois-Chiers","og_url":"https:\/\/fhpsbsc.be\/index.php\/2019\/01\/11\/peste-porcine-africaine-11-01-2019\/","og_site_name":"F\u00e9d\u00e9ration Halieutique et Piscicole du Sous Bassin Semois-Chiers","article_published_time":"2019-01-10T23:00:22+00:00","article_modified_time":"2019-02-06T18:15:16+00:00","og_image":[{"url":"http:\/\/collin.wallonie.be\/files\/Images\/Limites_PPA_20190111_sans_noyau.jpg"}],"twitter_card":"summary_large_image","twitter_misc":{"\u00c9crit par":"admin","Dur\u00e9e de lecture estim\u00e9e":"3 minutes"},"schema":{"@context":"https:\/\/schema.org","@graph":[{"@type":"WebSite","@id":"https:\/\/fhpsbsc.be\/#website","url":"https:\/\/fhpsbsc.be\/","name":"F\u00e9d\u00e9ration Halieutique et Piscicole du Sous Bassin Semois-Chiers","description":"","potentialAction":[{"@type":"SearchAction","target":{"@type":"EntryPoint","urlTemplate":"https:\/\/fhpsbsc.be\/?s={search_term_string}"},"query-input":"required name=search_term_string"}],"inLanguage":"fr-FR"},{"@type":"ImageObject","@id":"https:\/\/fhpsbsc.be\/index.php\/2019\/01\/11\/peste-porcine-africaine-11-01-2019\/#primaryimage","inLanguage":"fr-FR","url":"http:\/\/collin.wallonie.be\/files\/Images\/Limites_PPA_20190111_sans_noyau.jpg","contentUrl":"http:\/\/collin.wallonie.be\/files\/Images\/Limites_PPA_20190111_sans_noyau.jpg"},{"@type":"WebPage","@id":"https:\/\/fhpsbsc.be\/index.php\/2019\/01\/11\/peste-porcine-africaine-11-01-2019\/#webpage","url":"https:\/\/fhpsbsc.be\/index.php\/2019\/01\/11\/peste-porcine-africaine-11-01-2019\/","name":"Peste Porcine Africaine 11\/01\/2019 - F\u00e9d\u00e9ration Halieutique et Piscicole du Sous Bassin Semois-Chiers","isPartOf":{"@id":"https:\/\/fhpsbsc.be\/#website"},"primaryImageOfPage":{"@id":"https:\/\/fhpsbsc.be\/index.php\/2019\/01\/11\/peste-porcine-africaine-11-01-2019\/#primaryimage"},"datePublished":"2019-01-10T23:00:22+00:00","dateModified":"2019-02-06T18:15:16+00:00","author":{"@id":"https:\/\/fhpsbsc.be\/#\/schema\/person\/0a42b673e087e97a00541703add640e1"},"breadcrumb":{"@id":"https:\/\/fhpsbsc.be\/index.php\/2019\/01\/11\/peste-porcine-africaine-11-01-2019\/#breadcrumb"},"inLanguage":"fr-FR","potentialAction":[{"@type":"ReadAction","target":["https:\/\/fhpsbsc.be\/index.php\/2019\/01\/11\/peste-porcine-africaine-11-01-2019\/"]}]},{"@type":"BreadcrumbList","@id":"https:\/\/fhpsbsc.be\/index.php\/2019\/01\/11\/peste-porcine-africaine-11-01-2019\/#breadcrumb","itemListElement":[{"@type":"ListItem","position":1,"name":"Accueil","item":"https:\/\/fhpsbsc.be\/"},{"@type":"ListItem","position":2,"name":"Peste Porcine Africaine 11\/01\/2019"}]},{"@type":"Person","@id":"https:\/\/fhpsbsc.be\/#\/schema\/person\/0a42b673e087e97a00541703add640e1","name":"admin","image":{"@type":"ImageObject","@id":"https:\/\/fhpsbsc.be\/#personlogo","inLanguage":"fr-FR","url":"https:\/\/secure.gravatar.com\/avatar\/0a9d908781d5b1516681b898614856d6?s=96&d=mm&r=g","contentUrl":"https:\/\/secure.gravatar.com\/avatar\/0a9d908781d5b1516681b898614856d6?s=96&d=mm&r=g","caption":"admin"},"url":"https:\/\/fhpsbsc.be\/index.php\/author\/admin9246\/"}]}},"_links":{"self":[{"href":"https:\/\/fhpsbsc.be\/index.php\/wp-json\/wp\/v2\/posts\/1871"}],"collection":[{"href":"https:\/\/fhpsbsc.be\/index.php\/wp-json\/wp\/v2\/posts"}],"about":[{"href":"https:\/\/fhpsbsc.be\/index.php\/wp-json\/wp\/v2\/types\/post"}],"author":[{"embeddable":true,"href":"https:\/\/fhpsbsc.be\/index.php\/wp-json\/wp\/v2\/users\/1"}],"replies":[{"embeddable":true,"href":"https:\/\/fhpsbsc.be\/index.php\/wp-json\/wp\/v2\/comments?post=1871"}],"version-history":[{"count":1,"href":"https:\/\/fhpsbsc.be\/index.php\/wp-json\/wp\/v2\/posts\/1871\/revisions"}],"predecessor-version":[{"id":1872,"href":"https:\/\/fhpsbsc.be\/index.php\/wp-json\/wp\/v2\/posts\/1871\/revisions\/1872"}],"wp:attachment":[{"href":"https:\/\/fhpsbsc.be\/index.php\/wp-json\/wp\/v2\/media?parent=1871"}],"wp:term":[{"taxonomy":"category","embeddable":true,"href":"https:\/\/fhpsbsc.be\/index.php\/wp-json\/wp\/v2\/categories?post=1871"},{"taxonomy":"post_tag","embeddable":true,"href":"https:\/\/fhpsbsc.be\/index.php\/wp-json\/wp\/v2\/tags?post=1871"}],"curies":[{"name":"wp","href":"https:\/\/api.w.org\/{rel}","templated":true}]}}