{"id":1868,"date":"2019-01-09T00:00:49","date_gmt":"2019-01-08T23:00:49","guid":{"rendered":"http:\/\/fhpsbsc.be\/?p=1868"},"modified":"2019-02-06T19:13:17","modified_gmt":"2019-02-06T18:13:17","slug":"peste-porcine-africaine-09-01-2019","status":"publish","type":"post","link":"https:\/\/fhpsbsc.be\/index.php\/2019\/01\/09\/peste-porcine-africaine-09-01-2019\/","title":{"rendered":"Peste Porcine Africaine 09\/01\/2019"},"content":{"rendered":"<div class=\"fusion-fullwidth fullwidth-box fusion-builder-row-1 nonhundred-percent-fullwidth non-hundred-percent-height-scrolling\" style=\"background-color: rgba(255,255,255,0);background-position: center center;background-repeat: no-repeat;padding-top:0px;padding-right:0px;padding-bottom:0px;padding-left:0px;margin-bottom: 0px;margin-top: 0px;border-width: 0px 0px 0px 0px;border-color:#eae9e9;border-style:solid;\" ><div class=\"fusion-builder-row fusion-row\"><div class=\"fusion-layout-column fusion_builder_column fusion-builder-column-0 fusion_builder_column_1_1 1_1 fusion-one-full fusion-column-first fusion-column-last\" style=\"margin-top:0px;margin-bottom:0px;\"><div class=\"fusion-column-wrapper fusion-flex-column-wrapper-legacy\" style=\"background-position:left top;background-repeat:no-repeat;-webkit-background-size:cover;-moz-background-size:cover;-o-background-size:cover;background-size:cover;padding: 0px 0px 0px 0px;\"><div class=\"fusion-text fusion-text-1\" style=\"transform:translate3d(0,0,0);\"><h1 id=\"page-title\" class=\"title\">Peste Porcine Africaine : des mesures adapt\u00e9es<\/h1>\n<div id=\"content\">\n<div id=\"node\" class=\"node sticky clear-block\">\n<div class=\"meta\"><span class=\"submitted\">Publi\u00e9 le 09\/01\/2019 <\/span><\/div>\n<div class=\"content\">\n<p>Ren\u00e9 COLLIN a \u00e9t\u00e9 inform\u00e9 hier soir par le R\u00e9seau de Surveillance Sanitaire de la Faune Sauvage en Wallonie de la pr\u00e9sence de 2 sangliers contr\u00f4l\u00e9s positifs \u00e0 la peste porcine africaine dans la zone d\u2019observation renforc\u00e9e, entre Meix-devant-Virton et Sommethonne.<\/p>\n<p>Le Ministre a r\u00e9uni ce matin les autorit\u00e9s mobilis\u00e9es pour lutter contre la peste porcine africaine\u00a0: AFSCA et cabinet du Ministre f\u00e9d\u00e9ral de l\u2019Agriculture, R\u00e9seau de Surveillance Sanitaire de la Faune Sauvage en Wallonie (ULi\u00e8ge) et le Service Public de Wallonie (DNF \u2013 DEMNA).<\/p>\n<p>Ces 2 cas confirment la forte progression observ\u00e9e du virus vers l\u2019ouest. En fonction des nouvelles d\u00e9couvertes, les zones op\u00e9rationnelles de lutte vont \u00eatre adapt\u00e9es. La zone tampon va ainsi \u00eatre \u00e9tendue sur une partie de la zone d\u2019observation renforc\u00e9e, au sud-ouest.<\/p>\n<p>Le Ministre rappelle \u00e9galement que se concr\u00e9tisent les mesures auparavant ou r\u00e9cemment d\u00e9cid\u00e9es pour accroitre le dispositif de lutte\u00a0: surveillance de l\u2019ensemble des zones et recherche syst\u00e9matique des cadavres d\u2019animaux infect\u00e9s, respect strict des r\u00e8gles de bios\u00e9curit\u00e9, \u00e9tablissement d\u2019une cl\u00f4ture suppl\u00e9mentaire \u00e0 l\u2019ouest \u00e0 l\u2019axe Pin-Orval-Limes-G\u00e9rouville-Sommethonne- Villers- la-Loue, intensification de la destruction des sangliers par pi\u00e8ges et enclos.<\/p>\n<p>L\u2019ensemble de ces mesures et des dispositifs mis en place depuis la mi-septembre a de nouveau \u00e9t\u00e9 valid\u00e9 par l\u2019expert mandat\u00e9 par l\u2019Europe qui \u00e9tait justement sur place ces lundi et mardi.<\/p>\n<p>Il est bien entendu que toutes les informations ont \u00e9t\u00e9 communiqu\u00e9es aux autorit\u00e9s fran\u00e7aises et grand ducales.<\/p>\n<p><strong>Contact<\/strong>\u00a0: Anne-Sophie TIHON \u2013 0494\/98.79.39 \u2013 <a href=\"mailto:anne-sophie.tihon@gov.wallonie.be\">anne-sophie.tihon@gov.wallonie.be<\/a><\/p>\n<\/div>\n<\/div>\n<\/div>\n<\/div><div class=\"fusion-clearfix\"><\/div><\/div><\/div><\/div><\/div>\n","protected":false},"excerpt":{"rendered":"","protected":false},"author":1,"featured_media":0,"comment_status":"open","ping_status":"open","sticky":false,"template":"","format":"standard","meta":{"_monsterinsights_skip_tracking":false,"_monsterinsights_sitenote_active":false,"_monsterinsights_sitenote_note":"","_monsterinsights_sitenote_category":0},"categories":[42],"tags":[],"yoast_head":"<!-- This site is optimized with the Yoast SEO plugin v17.9 - https:\/\/yoast.com\/wordpress\/plugins\/seo\/ -->\n<title>Peste Porcine Africaine 09\/01\/2019 - F\u00e9d\u00e9ration Halieutique et Piscicole du Sous Bassin Semois-Chiers<\/title>\n<meta name=\"robots\" content=\"index, follow, max-snippet:-1, max-image-preview:large, max-video-preview:-1\" \/>\n<link rel=\"canonical\" href=\"https:\/\/fhpsbsc.be\/index.php\/2019\/01\/09\/peste-porcine-africaine-09-01-2019\/\" \/>\n<meta property=\"og:locale\" content=\"fr_FR\" \/>\n<meta property=\"og:type\" content=\"article\" \/>\n<meta property=\"og:title\" content=\"Peste Porcine Africaine 09\/01\/2019 - F\u00e9d\u00e9ration Halieutique et Piscicole du Sous Bassin Semois-Chiers\" \/>\n<meta property=\"og:url\" content=\"https:\/\/fhpsbsc.be\/index.php\/2019\/01\/09\/peste-porcine-africaine-09-01-2019\/\" \/>\n<meta property=\"og:site_name\" content=\"F\u00e9d\u00e9ration Halieutique et Piscicole du Sous Bassin Semois-Chiers\" \/>\n<meta property=\"article:published_time\" content=\"2019-01-08T23:00:49+00:00\" \/>\n<meta property=\"article:modified_time\" content=\"2019-02-06T18:13:17+00:00\" \/>\n<meta name=\"twitter:card\" content=\"summary_large_image\" \/>\n<meta name=\"twitter:label1\" content=\"\u00c9crit par\" \/>\n\t<meta name=\"twitter:data1\" content=\"admin\" \/>\n\t<meta name=\"twitter:label2\" content=\"Dur\u00e9e de lecture estim\u00e9e\" \/>\n\t<meta name=\"twitter:data2\" content=\"2 minutes\" \/>\n<script type=\"application\/ld+json\" class=\"yoast-schema-graph\">{\"@context\":\"https:\/\/schema.org\",\"@graph\":[{\"@type\":\"WebSite\",\"@id\":\"https:\/\/fhpsbsc.be\/#website\",\"url\":\"https:\/\/fhpsbsc.be\/\",\"name\":\"F\\u00e9d\\u00e9ration Halieutique et Piscicole du Sous Bassin Semois-Chiers\",\"description\":\"\",\"potentialAction\":[{\"@type\":\"SearchAction\",\"target\":{\"@type\":\"EntryPoint\",\"urlTemplate\":\"https:\/\/fhpsbsc.be\/?s={search_term_string}\"},\"query-input\":\"required name=search_term_string\"}],\"inLanguage\":\"fr-FR\"},{\"@type\":\"WebPage\",\"@id\":\"https:\/\/fhpsbsc.be\/index.php\/2019\/01\/09\/peste-porcine-africaine-09-01-2019\/#webpage\",\"url\":\"https:\/\/fhpsbsc.be\/index.php\/2019\/01\/09\/peste-porcine-africaine-09-01-2019\/\",\"name\":\"Peste Porcine Africaine 09\/01\/2019 - F\\u00e9d\\u00e9ration Halieutique et Piscicole du Sous Bassin Semois-Chiers\",\"isPartOf\":{\"@id\":\"https:\/\/fhpsbsc.be\/#website\"},\"datePublished\":\"2019-01-08T23:00:49+00:00\",\"dateModified\":\"2019-02-06T18:13:17+00:00\",\"author\":{\"@id\":\"https:\/\/fhpsbsc.be\/#\/schema\/person\/0a42b673e087e97a00541703add640e1\"},\"breadcrumb\":{\"@id\":\"https:\/\/fhpsbsc.be\/index.php\/2019\/01\/09\/peste-porcine-africaine-09-01-2019\/#breadcrumb\"},\"inLanguage\":\"fr-FR\",\"potentialAction\":[{\"@type\":\"ReadAction\",\"target\":[\"https:\/\/fhpsbsc.be\/index.php\/2019\/01\/09\/peste-porcine-africaine-09-01-2019\/\"]}]},{\"@type\":\"BreadcrumbList\",\"@id\":\"https:\/\/fhpsbsc.be\/index.php\/2019\/01\/09\/peste-porcine-africaine-09-01-2019\/#breadcrumb\",\"itemListElement\":[{\"@type\":\"ListItem\",\"position\":1,\"name\":\"Accueil\",\"item\":\"https:\/\/fhpsbsc.be\/\"},{\"@type\":\"ListItem\",\"position\":2,\"name\":\"Peste Porcine Africaine 09\/01\/2019\"}]},{\"@type\":\"Person\",\"@id\":\"https:\/\/fhpsbsc.be\/#\/schema\/person\/0a42b673e087e97a00541703add640e1\",\"name\":\"admin\",\"image\":{\"@type\":\"ImageObject\",\"@id\":\"https:\/\/fhpsbsc.be\/#personlogo\",\"inLanguage\":\"fr-FR\",\"url\":\"https:\/\/secure.gravatar.com\/avatar\/0a9d908781d5b1516681b898614856d6?s=96&d=mm&r=g\",\"contentUrl\":\"https:\/\/secure.gravatar.com\/avatar\/0a9d908781d5b1516681b898614856d6?s=96&d=mm&r=g\",\"caption\":\"admin\"},\"url\":\"https:\/\/fhpsbsc.be\/index.php\/author\/admin9246\/\"}]}<\/script>\n<!-- \/ Yoast SEO plugin. -->","yoast_head_json":{"title":"Peste Porcine Africaine 09\/01\/2019 - F\u00e9d\u00e9ration Halieutique et Piscicole du Sous Bassin Semois-Chiers","robots":{"index":"index","follow":"follow","max-snippet":"max-snippet:-1","max-image-preview":"max-image-preview:large","max-video-preview":"max-video-preview:-1"},"canonical":"https:\/\/fhpsbsc.be\/index.php\/2019\/01\/09\/peste-porcine-africaine-09-01-2019\/","og_locale":"fr_FR","og_type":"article","og_title":"Peste Porcine Africaine 09\/01\/2019 - F\u00e9d\u00e9ration Halieutique et Piscicole du Sous Bassin Semois-Chiers","og_url":"https:\/\/fhpsbsc.be\/index.php\/2019\/01\/09\/peste-porcine-africaine-09-01-2019\/","og_site_name":"F\u00e9d\u00e9ration Halieutique et Piscicole du Sous Bassin Semois-Chiers","article_published_time":"2019-01-08T23:00:49+00:00","article_modified_time":"2019-02-06T18:13:17+00:00","twitter_card":"summary_large_image","twitter_misc":{"\u00c9crit par":"admin","Dur\u00e9e de lecture estim\u00e9e":"2 minutes"},"schema":{"@context":"https:\/\/schema.org","@graph":[{"@type":"WebSite","@id":"https:\/\/fhpsbsc.be\/#website","url":"https:\/\/fhpsbsc.be\/","name":"F\u00e9d\u00e9ration Halieutique et Piscicole du Sous Bassin Semois-Chiers","description":"","potentialAction":[{"@type":"SearchAction","target":{"@type":"EntryPoint","urlTemplate":"https:\/\/fhpsbsc.be\/?s={search_term_string}"},"query-input":"required name=search_term_string"}],"inLanguage":"fr-FR"},{"@type":"WebPage","@id":"https:\/\/fhpsbsc.be\/index.php\/2019\/01\/09\/peste-porcine-africaine-09-01-2019\/#webpage","url":"https:\/\/fhpsbsc.be\/index.php\/2019\/01\/09\/peste-porcine-africaine-09-01-2019\/","name":"Peste Porcine Africaine 09\/01\/2019 - F\u00e9d\u00e9ration Halieutique et Piscicole du Sous Bassin Semois-Chiers","isPartOf":{"@id":"https:\/\/fhpsbsc.be\/#website"},"datePublished":"2019-01-08T23:00:49+00:00","dateModified":"2019-02-06T18:13:17+00:00","author":{"@id":"https:\/\/fhpsbsc.be\/#\/schema\/person\/0a42b673e087e97a00541703add640e1"},"breadcrumb":{"@id":"https:\/\/fhpsbsc.be\/index.php\/2019\/01\/09\/peste-porcine-africaine-09-01-2019\/#breadcrumb"},"inLanguage":"fr-FR","potentialAction":[{"@type":"ReadAction","target":["https:\/\/fhpsbsc.be\/index.php\/2019\/01\/09\/peste-porcine-africaine-09-01-2019\/"]}]},{"@type":"BreadcrumbList","@id":"https:\/\/fhpsbsc.be\/index.php\/2019\/01\/09\/peste-porcine-africaine-09-01-2019\/#breadcrumb","itemListElement":[{"@type":"ListItem","position":1,"name":"Accueil","item":"https:\/\/fhpsbsc.be\/"},{"@type":"ListItem","position":2,"name":"Peste Porcine Africaine 09\/01\/2019"}]},{"@type":"Person","@id":"https:\/\/fhpsbsc.be\/#\/schema\/person\/0a42b673e087e97a00541703add640e1","name":"admin","image":{"@type":"ImageObject","@id":"https:\/\/fhpsbsc.be\/#personlogo","inLanguage":"fr-FR","url":"https:\/\/secure.gravatar.com\/avatar\/0a9d908781d5b1516681b898614856d6?s=96&d=mm&r=g","contentUrl":"https:\/\/secure.gravatar.com\/avatar\/0a9d908781d5b1516681b898614856d6?s=96&d=mm&r=g","caption":"admin"},"url":"https:\/\/fhpsbsc.be\/index.php\/author\/admin9246\/"}]}},"_links":{"self":[{"href":"https:\/\/fhpsbsc.be\/index.php\/wp-json\/wp\/v2\/posts\/1868"}],"collection":[{"href":"https:\/\/fhpsbsc.be\/index.php\/wp-json\/wp\/v2\/posts"}],"about":[{"href":"https:\/\/fhpsbsc.be\/index.php\/wp-json\/wp\/v2\/types\/post"}],"author":[{"embeddable":true,"href":"https:\/\/fhpsbsc.be\/index.php\/wp-json\/wp\/v2\/users\/1"}],"replies":[{"embeddable":true,"href":"https:\/\/fhpsbsc.be\/index.php\/wp-json\/wp\/v2\/comments?post=1868"}],"version-history":[{"count":2,"href":"https:\/\/fhpsbsc.be\/index.php\/wp-json\/wp\/v2\/posts\/1868\/revisions"}],"predecessor-version":[{"id":1870,"href":"https:\/\/fhpsbsc.be\/index.php\/wp-json\/wp\/v2\/posts\/1868\/revisions\/1870"}],"wp:attachment":[{"href":"https:\/\/fhpsbsc.be\/index.php\/wp-json\/wp\/v2\/media?parent=1868"}],"wp:term":[{"taxonomy":"category","embeddable":true,"href":"https:\/\/fhpsbsc.be\/index.php\/wp-json\/wp\/v2\/categories?post=1868"},{"taxonomy":"post_tag","embeddable":true,"href":"https:\/\/fhpsbsc.be\/index.php\/wp-json\/wp\/v2\/tags?post=1868"}],"curies":[{"name":"wp","href":"https:\/\/api.w.org\/{rel}","templated":true}]}}