{"id":1856,"date":"2018-11-08T00:00:10","date_gmt":"2018-11-07T23:00:10","guid":{"rendered":"http:\/\/fhpsbsc.be\/?p=1856"},"modified":"2019-02-06T20:02:56","modified_gmt":"2019-02-06T19:02:56","slug":"peste-porcine-africaine-08-11-2018","status":"publish","type":"post","link":"https:\/\/fhpsbsc.be\/index.php\/2018\/11\/08\/peste-porcine-africaine-08-11-2018\/","title":{"rendered":"Peste Porcine Africaine 08\/11\/2018"},"content":{"rendered":"<div class=\"fusion-fullwidth fullwidth-box fusion-builder-row-1 nonhundred-percent-fullwidth non-hundred-percent-height-scrolling\" style=\"background-color: rgba(255,255,255,0);background-position: center center;background-repeat: no-repeat;padding-top:0px;padding-right:0px;padding-bottom:0px;padding-left:0px;margin-bottom: 0px;margin-top: 0px;border-width: 0px 0px 0px 0px;border-color:#eae9e9;border-style:solid;\" ><div class=\"fusion-builder-row fusion-row\"><div class=\"fusion-layout-column fusion_builder_column fusion-builder-column-0 fusion_builder_column_1_1 1_1 fusion-one-full fusion-column-first fusion-column-last\" style=\"margin-top:0px;margin-bottom:0px;\"><div class=\"fusion-column-wrapper fusion-flex-column-wrapper-legacy\" style=\"background-position:left top;background-repeat:no-repeat;-webkit-background-size:cover;-moz-background-size:cover;-o-background-size:cover;background-size:cover;padding: 0px 0px 0px 0px;\"><div class=\"fusion-text fusion-text-1\" style=\"transform:translate3d(0,0,0);\"><h1 id=\"page-title\" class=\"title\">Peste Porcine Africaine : des d\u00e9fraiements pour renforcer la lutte<\/h1>\n<div id=\"content\">\n<div id=\"node\" class=\"node sticky clear-block\">\n<div class=\"meta\"><span class=\"submitted\">Publi\u00e9 le 08\/11\/2018 <\/span><\/div>\n<div class=\"content\">\n<p>Sur proposition du Ministre wallon de la Nature, de la For\u00eat et de la Ruralit\u00e9, <strong>Ren\u00e9 COLLIN<\/strong>, le Gouvernement wallon a adopt\u00e9, ce jeudi, un arr\u00eat\u00e9 visant l\u2019octroi d\u2019un <strong>soutien aux ateliers de d\u00e9coupe de gibiers<\/strong> dans le cadre de la prise en charge des carcasses de sangliers chass\u00e9s sur l\u2019ensemble du territoire wallon \u00e0 l\u2019exception du p\u00e9rim\u00e8tre infect\u00e9.<\/p>\n<p>De plus, afin <strong>de soutenir le travail d\u2019int\u00e9r\u00eat g\u00e9n\u00e9ral visant l\u2019\u00e9vacuation et le transport des sangliers vers le centre de collecte situ\u00e9 \u00e0 Virton<\/strong>, le Ministre a pr\u00e9sent\u00e9, dans le cadre de la lutte contre la peste porcine africaine, un second arr\u00eat\u00e9 accordant <strong>la possibilit\u00e9 d\u2019un d\u00e9fraiement pour la r\u00e9alisation de ces missions<\/strong>.<\/p>\n<p>Le 12 octobre dernier, Ren\u00e9 COLLIN pr\u00e9sentait le d\u00e9coupage du p\u00e9rim\u00e8tre infect\u00e9 de 63.000 hectares en 3 zones distinctes\u00a0: la zone noyau \u2013 ZN-, la zone tampon \u2013 ZT- ainsi que la zone d\u2019observation renforc\u00e9e \u2013 ZOR- au sein de laquelle les titulaires de droit de chasse sont dans l\u2019obligation d\u2019organiser la destruction des sangliers. <strong>Les mesures adopt\u00e9es visent \u00e0\u00a0finaliser l\u2019extraction des carcasses qui sont autant de foyers de contamination,\u00a0 \u00e0 freiner la propagation du virus par l\u2019installation strat\u00e9gique de cl\u00f4tures ainsi qu\u2019\u00e0 r\u00e9duire drastiquement la densit\u00e9 de sangliers pour \u00e9radiquer le virus<\/strong>.<\/p>\n<p><strong>D\u00e9fraiement<\/strong><\/p>\n<p>Pour concourir \u00e0 la concr\u00e9tisation de cet objectif sanitaire, les personnes participant \u00e0 la destruction des sangliers ont \u00e9t\u00e9 contraintes de suivre une formation en bios\u00e9curit\u00e9 <strong><u>pour \u00e9vacuer et transporter les carcasses de la ZOR vers le centre de collecte bas\u00e9 \u00e0 Virton<\/u><\/strong> o\u00f9 les pr\u00e9l\u00e8vements sont effectu\u00e9s en vue des analyses permettant de d\u00e9tecter le virus.<\/p>\n<p>Les sangliers abattus, constat\u00e9s obligatoirement par un agent de l\u2019Administration, ou retrouv\u00e9s morts dans la ZOR, sont enlev\u00e9s en respectant le protocole de bios\u00e9curit\u00e9 \u00e9vitant ainsi toute contamination \u00e0 la suite de leur manipulation. L\u2019endroit de pr\u00e9l\u00e8vement est \u00e9galement d\u00e9sinfect\u00e9, tout comme les v\u00e9hicules et effets personnels (chaussures, habits,\u2026) des op\u00e9rateurs.<\/p>\n<p>\u00ab\u00a0L\u2019essentiel du mat\u00e9riel (b\u00e2ches, gants, d\u00e9sinfectants,\u2026) est fourni par l\u2019Administration, <em>explique Ren\u00e9 COLLIN<\/em>. Toutefois, il importe d\u2019encourager les personnes qui sur le terrain mobilisent leur temps et leur moyen de transport en participant \u00e0 l\u2019effort collectif d\u2019\u00e9radication du virus. Un d\u00e9fraiement forfaitaire de 100 euros, quels que soient le sexe et la cat\u00e9gorie de poids de l\u2019animal, est dor\u00e9navant pr\u00e9vu pour la collecte et le transport des carcasses. Cette disposition s\u2019\u00e9tale sur un minimum de 16 semaines \u00e0 savoir de novembre \u00e0 f\u00e9vrier\u00a0\u00bb. Cette d\u00e9cision compl\u00e8te l\u2019allongement de la p\u00e9riode d\u2019ouverture de la chasse en battue et au chien courant de l\u2019esp\u00e8ce sanglier durant les mois de janvier et de f\u00e9vrier 2019. Cette mesure est coupl\u00e9e \u00e0 l\u2019interdiction, pour l\u2019ann\u00e9e cyn\u00e9g\u00e9tique 2018-2019, de toute forme de restriction de tirs sur l\u2019esp\u00e8ce sanglier, \u00e0 partir de l\u2019ouverture de la chasse en battue au 1er octobre 2018.<\/p>\n<p><strong>Ateliers de d\u00e9coupe<\/strong><\/p>\n<p>Cet ensemble de mesures, notamment dict\u00e9 par l\u2019imp\u00e9ratif d\u2019\u00e9viter la propagation de la peste porcine africaine aux sangliers ainsi qu\u2019aux porcs domestiques, entraine <strong>un probl\u00e8me de gestion des carcasses saines de sangliers pr\u00e9lev\u00e9s sur l\u2019ensemble du territoire wallon.<\/strong> Le volume de suid\u00e9s mis \u00e0 disposition par les chasseurs aupr\u00e8s des ateliers de d\u00e9coupe de gibier est de nature \u00e0 entrainer une consid\u00e9rable surcharge aupr\u00e8s des 7 op\u00e9rateurs wallons \u00e0 savoir\u00a0:<\/p>\n<ul>\n<li>une mobilisation renforc\u00e9e de leurs moyens humains\u00a0;<\/li>\n<li>des engagements compl\u00e9mentaires\u00a0;<\/li>\n<li>l\u2019allongement de leur p\u00e9riode d\u2019activit\u00e9\u00a0;<\/li>\n<li>la mise en \u0153uvre des proc\u00e9dures de bios\u00e9curit\u00e9\u00a0;<\/li>\n<li>l\u2019augmentation de leur capacit\u00e9 de stockage par des investissements compl\u00e9mentaires.<\/li>\n<\/ul>\n<p><strong>Ces cons\u00e9quences compromettent toute la cha\u00eene de gestion de la lutte contre la propagation du virus mais \u00e9galement la protection de la faune et de la flore donc plus largement de la biodiversit\u00e9 wallonne<\/strong>. Il faut \u00e9viter le risque r\u00e9el d\u2019abandon massif des carcasses de sangliers tu\u00e9s lors des activit\u00e9s cyn\u00e9g\u00e9tiques. Cet abandon est une source potentielle de contamination du milieu forestier qui aurait comme cons\u00e9quence d\u2019aggraver le risque sanitaire.<\/p>\n<p>\u00ab\u00a0Dans le respect des r\u00e8gles europ\u00e9ennes, <em>insiste Ren\u00e9 Collin<\/em>, <strong>une compensation aux ateliers de d\u00e9coupe agr\u00e9\u00e9s<a title=\"\" href=\"http:\/\/collin.wallonie.be\/home\/presse--actualites\/communiques-de-presse\/publications\/publication-presse--actualites.publicationfull.html#_ftn1\" name=\"_ftnref1\">[1]<\/a> de 70 euros <u>par carcasse r\u00e9ceptionn\u00e9e et transform\u00e9e<\/u> est pr\u00e9vue pour soutenir les op\u00e9rateurs afin de compenser les charges extraordinaires qui leur sont impos\u00e9es<\/strong>. <u>Cette mesure ne vaut que pour les sangliers chass\u00e9s en dehors du p\u00e9rim\u00e8tre infect\u00e9 de 63.000 ha<\/u>. Cette subvention exclut <em>de facto<\/em> les carcasses de sangliers provenant d\u2019un parc \u00e0 gibier \u00e0 des fins commerciales. Des contr\u00f4les accompagneront cette mesure. A cet \u00e9gard, il m\u2019est possible de suspendre le mandat accord\u00e9 aux ateliers int\u00e9ress\u00e9s en cas de manquements constat\u00e9s\u00a0\u00bb.<\/p>\n<p>Cette disposition s\u2019inscrit dans le cadre d\u2019une mission d\u2019int\u00e9r\u00eat \u00e9conomique g\u00e9n\u00e9ral. La transformation et valorisation des sangliers constituent un point essentiel. Une campagne de promotion men\u00e9e de concert par l\u2019APAQ-W et le secteur de la grande distribution d\u00e9butera en janvier 2019.<\/p>\n<p>Pour le Ministre COLLIN, l\u2019adoption de ces deux arr\u00eat\u00e9s est une r\u00e9ponse ad\u00e9quate \u00e0 la probl\u00e9matique de la gestion des carcasses de sanglier \u00e0 la fois dans l\u2019imp\u00e9ratif d\u2019\u00e9radication de la peste porcine africaine mais \u00e9galement dans la n\u00e9cessit\u00e9 de diminution des populations de sangliers en Wallonie. <strong>A ce jour, 344 sangliers ont \u00e9t\u00e9 pr\u00e9lev\u00e9s dont 296 au sein du p\u00e9rim\u00e8tre infect\u00e9. Parmi ceux-ci, on compte d\u00e9sormais 161 cas viropositifs.<\/strong><\/p>\n<p>[1] Un atelier de d\u00e9coupe agr\u00e9\u00e9 est un atelier de traitement de gibier agr\u00e9\u00e9 par l\u2019Agence F\u00e9d\u00e9rale pour la S\u00e9curit\u00e9 de la Cha\u00eene Alimentaire \u00ab AFSCA \u00bb conform\u00e9ment au r\u00e8glement (CE) n\u00b0 853\/2004 du 29 avril 2004 fixant des r\u00e8gles sp\u00e9cifiques d&rsquo;hygi\u00e8ne applicables aux denr\u00e9es alimentaires d&rsquo;origine animale, ci-apr\u00e8s d\u00e9nomm\u00e9 le r\u00e8glement (UE) n\u00b0 853\/2004 du 29 avril 2004<\/p>\n<p><strong>Contact<\/strong>\u00a0: Pierre WILIQUET \u2013 0495\/27.34.38 \u2013 <a href=\"mailto:pierre.wiliquet@gov.wallonie.be\">pierre.wiliquet@gov.wallonie.be<\/a><\/p>\n<div>\n<hr align=\"left\" size=\"1\" width=\"33%\" \/>\n<div id=\"ftn1\">\n<p><a title=\"\" href=\"http:\/\/collin.wallonie.be\/home\/presse--actualites\/communiques-de-presse\/publications\/publication-presse--actualites.publicationfull.html#_ftnref1\" name=\"_ftn1\">[1]<\/a> Un atelier de d\u00e9coupe agr\u00e9\u00e9 est un atelier de traitement de gibier agr\u00e9\u00e9 par l\u2019Agence F\u00e9d\u00e9rale pour la S\u00e9curit\u00e9 de la Cha\u00eene Alimentaire \u00ab AFSCA \u00bb conform\u00e9ment au r\u00e8glement (CE) n\u00b0 853\/2004 du 29 avril 2004 fixant des r\u00e8gles sp\u00e9cifiques d&rsquo;hygi\u00e8ne applicables aux denr\u00e9es alimentaires d&rsquo;origine animale, ci-apr\u00e8s d\u00e9nomm\u00e9 le r\u00e8glement (UE) n\u00b0 853\/2004 du 29 avril 2004<\/p>\n<\/div>\n<\/div>\n<\/div>\n<\/div>\n<\/div>\n<\/div><div class=\"fusion-clearfix\"><\/div><\/div><\/div><\/div><\/div>\n","protected":false},"excerpt":{"rendered":"","protected":false},"author":1,"featured_media":0,"comment_status":"open","ping_status":"open","sticky":false,"template":"","format":"standard","meta":{"_monsterinsights_skip_tracking":false,"_monsterinsights_sitenote_active":false,"_monsterinsights_sitenote_note":"","_monsterinsights_sitenote_category":0},"categories":[42],"tags":[],"yoast_head":"<!-- This site is optimized with the Yoast SEO plugin v17.9 - https:\/\/yoast.com\/wordpress\/plugins\/seo\/ -->\n<title>Peste Porcine Africaine 08\/11\/2018 - F\u00e9d\u00e9ration Halieutique et Piscicole du Sous Bassin Semois-Chiers<\/title>\n<meta name=\"robots\" content=\"index, follow, max-snippet:-1, max-image-preview:large, max-video-preview:-1\" \/>\n<link rel=\"canonical\" href=\"https:\/\/fhpsbsc.be\/index.php\/2018\/11\/08\/peste-porcine-africaine-08-11-2018\/\" \/>\n<meta property=\"og:locale\" content=\"fr_FR\" \/>\n<meta property=\"og:type\" content=\"article\" \/>\n<meta property=\"og:title\" content=\"Peste Porcine Africaine 08\/11\/2018 - F\u00e9d\u00e9ration Halieutique et Piscicole du Sous Bassin Semois-Chiers\" \/>\n<meta property=\"og:url\" content=\"https:\/\/fhpsbsc.be\/index.php\/2018\/11\/08\/peste-porcine-africaine-08-11-2018\/\" \/>\n<meta property=\"og:site_name\" content=\"F\u00e9d\u00e9ration Halieutique et Piscicole du Sous Bassin Semois-Chiers\" \/>\n<meta property=\"article:published_time\" content=\"2018-11-07T23:00:10+00:00\" \/>\n<meta property=\"article:modified_time\" content=\"2019-02-06T19:02:56+00:00\" \/>\n<meta name=\"twitter:card\" content=\"summary_large_image\" \/>\n<meta name=\"twitter:label1\" content=\"\u00c9crit par\" \/>\n\t<meta name=\"twitter:data1\" content=\"admin\" \/>\n\t<meta name=\"twitter:label2\" content=\"Dur\u00e9e de lecture estim\u00e9e\" \/>\n\t<meta name=\"twitter:data2\" content=\"7 minutes\" \/>\n<script type=\"application\/ld+json\" class=\"yoast-schema-graph\">{\"@context\":\"https:\/\/schema.org\",\"@graph\":[{\"@type\":\"WebSite\",\"@id\":\"https:\/\/fhpsbsc.be\/#website\",\"url\":\"https:\/\/fhpsbsc.be\/\",\"name\":\"F\\u00e9d\\u00e9ration Halieutique et Piscicole du Sous Bassin Semois-Chiers\",\"description\":\"\",\"potentialAction\":[{\"@type\":\"SearchAction\",\"target\":{\"@type\":\"EntryPoint\",\"urlTemplate\":\"https:\/\/fhpsbsc.be\/?s={search_term_string}\"},\"query-input\":\"required name=search_term_string\"}],\"inLanguage\":\"fr-FR\"},{\"@type\":\"WebPage\",\"@id\":\"https:\/\/fhpsbsc.be\/index.php\/2018\/11\/08\/peste-porcine-africaine-08-11-2018\/#webpage\",\"url\":\"https:\/\/fhpsbsc.be\/index.php\/2018\/11\/08\/peste-porcine-africaine-08-11-2018\/\",\"name\":\"Peste Porcine Africaine 08\/11\/2018 - F\\u00e9d\\u00e9ration Halieutique et Piscicole du Sous Bassin Semois-Chiers\",\"isPartOf\":{\"@id\":\"https:\/\/fhpsbsc.be\/#website\"},\"datePublished\":\"2018-11-07T23:00:10+00:00\",\"dateModified\":\"2019-02-06T19:02:56+00:00\",\"author\":{\"@id\":\"https:\/\/fhpsbsc.be\/#\/schema\/person\/0a42b673e087e97a00541703add640e1\"},\"breadcrumb\":{\"@id\":\"https:\/\/fhpsbsc.be\/index.php\/2018\/11\/08\/peste-porcine-africaine-08-11-2018\/#breadcrumb\"},\"inLanguage\":\"fr-FR\",\"potentialAction\":[{\"@type\":\"ReadAction\",\"target\":[\"https:\/\/fhpsbsc.be\/index.php\/2018\/11\/08\/peste-porcine-africaine-08-11-2018\/\"]}]},{\"@type\":\"BreadcrumbList\",\"@id\":\"https:\/\/fhpsbsc.be\/index.php\/2018\/11\/08\/peste-porcine-africaine-08-11-2018\/#breadcrumb\",\"itemListElement\":[{\"@type\":\"ListItem\",\"position\":1,\"name\":\"Accueil\",\"item\":\"https:\/\/fhpsbsc.be\/\"},{\"@type\":\"ListItem\",\"position\":2,\"name\":\"Peste Porcine Africaine 08\/11\/2018\"}]},{\"@type\":\"Person\",\"@id\":\"https:\/\/fhpsbsc.be\/#\/schema\/person\/0a42b673e087e97a00541703add640e1\",\"name\":\"admin\",\"image\":{\"@type\":\"ImageObject\",\"@id\":\"https:\/\/fhpsbsc.be\/#personlogo\",\"inLanguage\":\"fr-FR\",\"url\":\"https:\/\/secure.gravatar.com\/avatar\/0a9d908781d5b1516681b898614856d6?s=96&d=mm&r=g\",\"contentUrl\":\"https:\/\/secure.gravatar.com\/avatar\/0a9d908781d5b1516681b898614856d6?s=96&d=mm&r=g\",\"caption\":\"admin\"},\"url\":\"https:\/\/fhpsbsc.be\/index.php\/author\/admin9246\/\"}]}<\/script>\n<!-- \/ Yoast SEO plugin. -->","yoast_head_json":{"title":"Peste Porcine Africaine 08\/11\/2018 - F\u00e9d\u00e9ration Halieutique et Piscicole du Sous Bassin Semois-Chiers","robots":{"index":"index","follow":"follow","max-snippet":"max-snippet:-1","max-image-preview":"max-image-preview:large","max-video-preview":"max-video-preview:-1"},"canonical":"https:\/\/fhpsbsc.be\/index.php\/2018\/11\/08\/peste-porcine-africaine-08-11-2018\/","og_locale":"fr_FR","og_type":"article","og_title":"Peste Porcine Africaine 08\/11\/2018 - F\u00e9d\u00e9ration Halieutique et Piscicole du Sous Bassin Semois-Chiers","og_url":"https:\/\/fhpsbsc.be\/index.php\/2018\/11\/08\/peste-porcine-africaine-08-11-2018\/","og_site_name":"F\u00e9d\u00e9ration Halieutique et Piscicole du Sous Bassin Semois-Chiers","article_published_time":"2018-11-07T23:00:10+00:00","article_modified_time":"2019-02-06T19:02:56+00:00","twitter_card":"summary_large_image","twitter_misc":{"\u00c9crit par":"admin","Dur\u00e9e de lecture estim\u00e9e":"7 minutes"},"schema":{"@context":"https:\/\/schema.org","@graph":[{"@type":"WebSite","@id":"https:\/\/fhpsbsc.be\/#website","url":"https:\/\/fhpsbsc.be\/","name":"F\u00e9d\u00e9ration Halieutique et Piscicole du Sous Bassin Semois-Chiers","description":"","potentialAction":[{"@type":"SearchAction","target":{"@type":"EntryPoint","urlTemplate":"https:\/\/fhpsbsc.be\/?s={search_term_string}"},"query-input":"required name=search_term_string"}],"inLanguage":"fr-FR"},{"@type":"WebPage","@id":"https:\/\/fhpsbsc.be\/index.php\/2018\/11\/08\/peste-porcine-africaine-08-11-2018\/#webpage","url":"https:\/\/fhpsbsc.be\/index.php\/2018\/11\/08\/peste-porcine-africaine-08-11-2018\/","name":"Peste Porcine Africaine 08\/11\/2018 - F\u00e9d\u00e9ration Halieutique et Piscicole du Sous Bassin Semois-Chiers","isPartOf":{"@id":"https:\/\/fhpsbsc.be\/#website"},"datePublished":"2018-11-07T23:00:10+00:00","dateModified":"2019-02-06T19:02:56+00:00","author":{"@id":"https:\/\/fhpsbsc.be\/#\/schema\/person\/0a42b673e087e97a00541703add640e1"},"breadcrumb":{"@id":"https:\/\/fhpsbsc.be\/index.php\/2018\/11\/08\/peste-porcine-africaine-08-11-2018\/#breadcrumb"},"inLanguage":"fr-FR","potentialAction":[{"@type":"ReadAction","target":["https:\/\/fhpsbsc.be\/index.php\/2018\/11\/08\/peste-porcine-africaine-08-11-2018\/"]}]},{"@type":"BreadcrumbList","@id":"https:\/\/fhpsbsc.be\/index.php\/2018\/11\/08\/peste-porcine-africaine-08-11-2018\/#breadcrumb","itemListElement":[{"@type":"ListItem","position":1,"name":"Accueil","item":"https:\/\/fhpsbsc.be\/"},{"@type":"ListItem","position":2,"name":"Peste Porcine Africaine 08\/11\/2018"}]},{"@type":"Person","@id":"https:\/\/fhpsbsc.be\/#\/schema\/person\/0a42b673e087e97a00541703add640e1","name":"admin","image":{"@type":"ImageObject","@id":"https:\/\/fhpsbsc.be\/#personlogo","inLanguage":"fr-FR","url":"https:\/\/secure.gravatar.com\/avatar\/0a9d908781d5b1516681b898614856d6?s=96&d=mm&r=g","contentUrl":"https:\/\/secure.gravatar.com\/avatar\/0a9d908781d5b1516681b898614856d6?s=96&d=mm&r=g","caption":"admin"},"url":"https:\/\/fhpsbsc.be\/index.php\/author\/admin9246\/"}]}},"_links":{"self":[{"href":"https:\/\/fhpsbsc.be\/index.php\/wp-json\/wp\/v2\/posts\/1856"}],"collection":[{"href":"https:\/\/fhpsbsc.be\/index.php\/wp-json\/wp\/v2\/posts"}],"about":[{"href":"https:\/\/fhpsbsc.be\/index.php\/wp-json\/wp\/v2\/types\/post"}],"author":[{"embeddable":true,"href":"https:\/\/fhpsbsc.be\/index.php\/wp-json\/wp\/v2\/users\/1"}],"replies":[{"embeddable":true,"href":"https:\/\/fhpsbsc.be\/index.php\/wp-json\/wp\/v2\/comments?post=1856"}],"version-history":[{"count":2,"href":"https:\/\/fhpsbsc.be\/index.php\/wp-json\/wp\/v2\/posts\/1856\/revisions"}],"predecessor-version":[{"id":1858,"href":"https:\/\/fhpsbsc.be\/index.php\/wp-json\/wp\/v2\/posts\/1856\/revisions\/1858"}],"wp:attachment":[{"href":"https:\/\/fhpsbsc.be\/index.php\/wp-json\/wp\/v2\/media?parent=1856"}],"wp:term":[{"taxonomy":"category","embeddable":true,"href":"https:\/\/fhpsbsc.be\/index.php\/wp-json\/wp\/v2\/categories?post=1856"},{"taxonomy":"post_tag","embeddable":true,"href":"https:\/\/fhpsbsc.be\/index.php\/wp-json\/wp\/v2\/tags?post=1856"}],"curies":[{"name":"wp","href":"https:\/\/api.w.org\/{rel}","templated":true}]}}