{"id":1784,"date":"2017-10-19T00:00:50","date_gmt":"2017-10-18T22:00:50","guid":{"rendered":"http:\/\/fhpsbsc.be\/?p=1784"},"modified":"2019-02-04T00:41:52","modified_gmt":"2019-02-03T23:41:52","slug":"arrete-du-gouvernement-wallon-relatif-aux-permis-de-peche","status":"publish","type":"post","link":"https:\/\/fhpsbsc.be\/index.php\/2017\/10\/19\/arrete-du-gouvernement-wallon-relatif-aux-permis-de-peche\/","title":{"rendered":"Arr\u00eat\u00e9 du Gouvernement wallon relatif aux permis de p\u00eache"},"content":{"rendered":"<div class=\"fusion-fullwidth fullwidth-box fusion-builder-row-1 nonhundred-percent-fullwidth non-hundred-percent-height-scrolling\" style=\"background-color: rgba(255,255,255,0);background-position: center center;background-repeat: no-repeat;padding-top:0px;padding-right:0px;padding-bottom:0px;padding-left:0px;margin-bottom: 0px;margin-top: 0px;border-width: 0px 0px 0px 0px;border-color:#eae9e9;border-style:solid;\" ><div class=\"fusion-builder-row fusion-row\"><div class=\"fusion-layout-column fusion_builder_column fusion-builder-column-0 fusion_builder_column_1_1 1_1 fusion-one-full fusion-column-first fusion-column-last\" style=\"margin-top:0px;margin-bottom:0px;\"><div class=\"fusion-column-wrapper fusion-flex-column-wrapper-legacy\" style=\"background-position:left top;background-repeat:no-repeat;-webkit-background-size:cover;-moz-background-size:cover;-o-background-size:cover;background-size:cover;padding: 0px 0px 0px 0px;\"><div class=\"fusion-text fusion-text-1\" style=\"transform:translate3d(0,0,0);\"><h3>19 octobre 2017 &#8211; Arr\u00eat\u00e9 du Gouvernement wallon relatif aux permis de p\u00eache (M.B. 06.11.2017)<\/h3>\n<p><em>Le Gouvernement wallon,<br \/>\nVu le d\u00e9cret du 27 mars 2014 relatif \u00e0 la p\u00eache fluviale, \u00e0 la gestion piscicole et aux structures halieutiques, les articles 8 et 9;<br \/>\nVu l&rsquo;arr\u00eat\u00e9 de l&rsquo;Ex\u00e9cutif r\u00e9gional wallon du 11 mars 1993 portant ex\u00e9cution de la loi du 1<sup>er<\/sup> juillet 1954 sur la p\u00eache fluviale;<br \/>\nVu l&rsquo;avis du Conseil sup\u00e9rieur wallon de la p\u00eache, donn\u00e9 le 24 avril 2017;<br \/>\nVu l&rsquo;avis de l&rsquo;Inspecteur des Finances, donn\u00e9 le 19 juillet 2017;<br \/>\nVu l&rsquo;accord du Ministre du Budget, donn\u00e9 le 20 juillet 2017;<br \/>\nVu le rapport du 20 juillet 2017 \u00e9tabli conform\u00e9ment \u00e0 l&rsquo;article 3, 2\u00b0, du d\u00e9cret du 11 avril 2014 visant \u00e0 la mise en oeuvre des r\u00e9solutions de la Conf\u00e9rence des Nations unies sur les femmes \u00e0 P\u00e9kin de septembre 1995 et int\u00e9grant la dimension du genre dans l&rsquo;ensemble des politiques r\u00e9gionales;<br \/>\nVu l&rsquo;avis 61.968\/2 du Conseil d&rsquo;Etat, donn\u00e9 le 6 septembre 2017, en application de l&rsquo;article 84, \u00a7 1<sup>er<\/sup>, alin\u00e9a 1<sup>er<\/sup>, 2\u00b0, des lois sur le Conseil d&rsquo;Etat, coordonn\u00e9es le 12 janvier 1973;<br \/>\nSur la proposition du Ministre de la Nature et de la Ruralit\u00e9;<br \/>\nApr\u00e8s d\u00e9lib\u00e9ration,<br \/>\nArr\u00eat\u00e9 :<\/em><\/p>\n<p><strong>Article 1<sup>er<\/sup>. <\/strong>Il est \u00e9tabli quatre types de permis de p\u00eache r\u00e9gulier, dont l&rsquo;objet est fix\u00e9 comme suit :<\/p>\n<p>1\u00b0 le permis A autorise tous les jours de l&rsquo;ann\u00e9e :<\/p>\n<blockquote>\n<p>a) la p\u00eache de jour avec une ou deux lignes \u00e0 main, du bord de l&rsquo;eau uniquement, en ce compris \u00e0 partir d&rsquo;un plancher amovible ne restant pas sur place apr\u00e8s l&rsquo;exercice de la p\u00eache;<\/p>\n<p>b) l&rsquo;usage de l&rsquo;\u00e9puisette;<\/p>\n<\/blockquote>\n<p>2\u00b0 le permis B autorise tous les jours de l&rsquo;ann\u00e9e :<\/p>\n<blockquote>\n<p>a) ce qu&rsquo;autorise le permis A;<\/p>\n<p>b) la p\u00eache de jour avec une ou deux lignes \u00e0 main, autrement que du bord de l&rsquo;eau, en ce compris la p\u00eache en embarcation, la p\u00eache \u00e0 partir d&rsquo;un embarcad\u00e8re ou d&rsquo;un plancher de p\u00eache dont l&#8217;emplacement est fixe, ainsi que la p\u00eache dans le cours d&rsquo;eau;<\/p>\n<p>c) la p\u00eache de nuit, avec une ou deux lignes \u00e0 main, du bord de l&rsquo;eau uniquement, en ce compris \u00e0 partir d&rsquo;un plancher amovible ne restant pas sur place apr\u00e8s l&rsquo;exercice de la p\u00eache;<\/p>\n<p>d) la p\u00eache de jour avec au plus cinq balances \u00e0 \u00e9crevisses;<\/p>\n<\/blockquote>\n<p>3\u00b0 le permis J autorise tous les jours de l&rsquo;ann\u00e9e :<\/p>\n<blockquote>\n<p>a) la p\u00eache de jour avec une seule ligne \u00e0 main munie d&rsquo;un hame\u00e7on simple sans ardillon ou \u00e0 ardillon \u00e9cras\u00e9, du bord de l&rsquo;eau uniquement, en ce compris \u00e0 partir d&rsquo;un plancher amovible ne restant pas sur place apr\u00e8s l&rsquo;exercice de la p\u00eache;<\/p>\n<p>b) l&rsquo;usage de l&rsquo;\u00e9puisette;<\/p>\n<p>c) la p\u00eache de jour avec au plus une balance \u00e0 \u00e9crevisses;<\/p>\n<\/blockquote>\n<p>4\u00b0 le permis T donne acc\u00e8s aux m\u00eames droits que ceux pr\u00e9vus par le permis B, mais seulement durant une p\u00e9riode de quatorze jours cons\u00e9cutifs.<\/p>\n<p>Concernant le 3\u00b0, le permis J est r\u00e9serv\u00e9 uniquement aux jeunes \u00e2g\u00e9s de moins de quinze ans. Ceux-ci ont aussi acc\u00e8s aux autres types de permis.<\/p>\n<p><strong>Art. 2.<\/strong> Les permis de p\u00eache vis\u00e9s \u00e0 l&rsquo;article 1er sont d\u00e9livr\u00e9s moyennant le paiement d&rsquo;une redevance dont le montant est fix\u00e9 comme suit :<\/p>\n<p>1\u00b0 le permis A : 12,39 euros;<\/p>\n<p>2\u00b0 le permis B : 37,18 euros;<\/p>\n<p>3\u00b0 le permis J : gratuit;<\/p>\n<p>4\u00b0 le permis T : 25,00 euros.<\/p>\n<p>Le p\u00eacheur qui est d\u00e9tenteur d&rsquo;une carte de stationnement pour personnes handicap\u00e9es \u00e9tablie \u00e0 son nom et en cours de validit\u00e9, peut obtenir du Fonds un remboursement partiel de la redevance du permis B de 22 euros. Il en fait la demande au directeur g\u00e9n\u00e9ral de la Direction g\u00e9n\u00e9rale op\u00e9rationnelle Agriculture, Ressources naturelles et Environnement du Service public de Wallonie et joint \u00e0 sa demande une copie de sa carte de stationnement pour personnes handicap\u00e9es.<\/p>\n<p><strong>Art. 3. <\/strong>Les permis de p\u00eache A, B et J sont valables jusqu&rsquo;au 31 d\u00e9cembre de la seule ann\u00e9e qu&rsquo;ils renseignent, quel que soit le jour de l&rsquo;ann\u00e9e o\u00f9 ils sont achet\u00e9s.<\/p>\n<p><strong>Art. 4. <\/strong>Tout permis de p\u00eache est personnel et valable uniquement si le p\u00eacheur est porteur, au moment o\u00f9 il p\u00eache, de sa carte d&rsquo;identit\u00e9 ou d&rsquo;un autre document officiel \u00e9tablissant son identit\u00e9.<\/p>\n<p>La pratique de la p\u00eache avec un permis autre que celui de la R\u00e9gion wallonne, sans \u00eatre porteur de sa carte d&rsquo;identit\u00e9 ou d&rsquo;un autre document officiel \u00e9tablissant son identit\u00e9 est assimil\u00e9e \u00e0 la p\u00eache sans permis. Il en est de m\u00eame pour la pratique d&rsquo;un type de p\u00eache auquel ne donne pas droit le permis dont est porteur le p\u00eacheur.<\/p>\n<p><strong>Art. 5. <\/strong>Les permis de p\u00eache sont d\u00e9livr\u00e9s exclusivement en ligne sur le site internet www.permisdepeche.be.<\/p>\n<p>Toutefois, le permis A et le permis B sont \u00e9galement d\u00e9livr\u00e9s par les bureaux de poste jusqu&rsquo;en 2019 compris.<\/p>\n<p><strong>Art. 6. <\/strong>Les jeunes \u00e2g\u00e9s de moins de quinze ans sont autoris\u00e9s \u00e0 p\u00eacher sans permis s&rsquo;ils sont accompagn\u00e9s d&rsquo;un adulte majeur d\u00e9tenteur d&rsquo;un permis de p\u00eache r\u00e9gulier valide. Ces jeunes peuvent p\u00eacher aux m\u00eames conditions que celles permises par le permis de l&rsquo;adulte qui les accompagne. Le nombre de jeunes accompagn\u00e9s est limit\u00e9 \u00e0 quatre par adulte majeur d\u00e9tenteur d&rsquo;un permis de p\u00eache r\u00e9gulier valide.<\/p>\n<p><strong>Art. 7. <\/strong>Les participants \u00e0 un concours de p\u00eache autoris\u00e9 en application de l&rsquo;arr\u00eat\u00e9 du Gouvernement wallon du 30 mars 2017 d\u00e9terminant les conditions d&rsquo;organisation des concours de p\u00eache et modifiant l&rsquo;arr\u00eat\u00e9 du Gouvernement wallon du 8 d\u00e9cembre 2016 relatif aux conditions d&rsquo;ouverture et aux modalit\u00e9s d&rsquo;exercice de la p\u00eache, qui ne sont pas domicili\u00e9s sur le territoire de la R\u00e9gion wallonne, sont autoris\u00e9s \u00e0 p\u00eacher sans \u00eatre munis d&rsquo;un permis de p\u00eache r\u00e9gulier.<\/p>\n<p>Cette dispense de permis vaut uniquement pendant la dur\u00e9e du concours et de ses \u00e9ventuels entra\u00eenements officiels, et uniquement pour l&rsquo;exercice de la p\u00eache sur le site o\u00f9 se d\u00e9roule le concours.<\/p>\n<p><strong>Art. 8.<\/strong> Les participants \u00e0 une activit\u00e9 de formation ou de sensibilisation \u00e0 la p\u00eache et au milieu aquatique organis\u00e9e par une \u00e9cole de p\u00eache agr\u00e9\u00e9e sont autoris\u00e9s \u00e0 p\u00eacher sans \u00eatre munis d&rsquo;un permis de p\u00eache r\u00e9gulier.<\/p>\n<p>Cette dispense de permis vaut uniquement pendant la dur\u00e9e de cette activit\u00e9 et uniquement pour l&rsquo;exercice de la p\u00eache sur le site o\u00f9 l&rsquo;activit\u00e9 se d\u00e9roule.<\/p>\n<p><strong>Art. 9. <\/strong>Les personnes qui b\u00e9n\u00e9ficient de la d\u00e9rogation pr\u00e9vue soit par l&rsquo;arr\u00eat\u00e9 du Gouvernement wallon du 23 mars 2017 autorisant temporairement les universit\u00e9s et hautes \u00e9coles \u00e0 d\u00e9roger \u00e0 l&rsquo;arr\u00eat\u00e9 du Gouvernement wallon du 8 d\u00e9cembre 2016 relatif aux conditions d&rsquo;ouverture et aux modalit\u00e9s d&rsquo;exercice de la p\u00eache soit par l&rsquo;arr\u00eat\u00e9 du Gouvernement wallon du 23 mars 2017 autorisant temporairement certains agents du Service public de Wallonie \u00e0 d\u00e9roger \u00e0 l&rsquo;arr\u00eat\u00e9 du Gouvernement wallon du 8 d\u00e9cembre 2016 relatif aux conditions d&rsquo;ouverture et aux modalit\u00e9s d&rsquo;exercice de la p\u00eache, sont autoris\u00e9es \u00e0 p\u00eacher sans \u00eatre munies d&rsquo;un permis de p\u00eache r\u00e9gulier.<\/p>\n<p>Cette dispense de permis vaut uniquement pour la participation aux activit\u00e9s ayant justifi\u00e9 la d\u00e9rogation.<\/p>\n<p><strong>Art. 10. <\/strong>Les participants \u00e0 un \u00e9v\u00e9nement de promotion de la p\u00eache sont autoris\u00e9s \u00e0 p\u00eacher sans \u00eatre munis d&rsquo;un permis de p\u00eache r\u00e9gulier, moyennant une autorisation accord\u00e9e \u00e0 l&rsquo;organisateur de l&rsquo;\u00e9v\u00e9nement par le directeur g\u00e9n\u00e9ral de la Direction g\u00e9n\u00e9rale op\u00e9rationnelle Agriculture, Ressources naturelles et Environnement du Service public de Wallonie.<\/p>\n<p>La demande d&rsquo;autorisation est introduite par l&rsquo;organisateur de l&rsquo;\u00e9v\u00e9nement aupr\u00e8s du directeur g\u00e9n\u00e9ral de la Direction g\u00e9n\u00e9rale op\u00e9rationnelle Agriculture, Ressources naturelles et Environnement du Service public de Wallonie au moins nonante jours avant la date cet \u00e9v\u00e9nement.<\/p>\n<p>L&rsquo;autorisation est accord\u00e9e si :<\/p>\n<p>1\u00b0 l&rsquo;\u00e9v\u00e9nement a pour objet principal la promotion de la p\u00eache en Wallonie;<\/p>\n<p>2\u00b0 l&rsquo;\u00e9v\u00e9nement est organis\u00e9 par l&rsquo;association halieutique coordinatrice, une f\u00e9d\u00e9ration de p\u00eache agr\u00e9\u00e9e ou une soci\u00e9t\u00e9 de p\u00eache membre d&rsquo;une f\u00e9d\u00e9ration de p\u00eache agr\u00e9\u00e9e;<\/p>\n<p>3\u00b0 l&rsquo;association halieutique coordinatrice assure la promotion de l&rsquo;\u00e9v\u00e9nement;<\/p>\n<p>4\u00b0 l&rsquo;\u00e9v\u00e9nement est ouvert \u00e0 toute personne qui souhaite y participer, dans les limites de l&rsquo;encadrement disponible.<\/p>\n<p><strong>Art. 11. <\/strong>L&rsquo;arr\u00eat\u00e9 de l&rsquo;Ex\u00e9cutif r\u00e9gional wallon du 11 mars 1993 portant ex\u00e9cution de la loi du 1<sup>er<\/sup> juillet 1954 sur la p\u00eache fluviale, modifi\u00e9 par l&rsquo;arr\u00eat\u00e9 du Gouvernement wallon du 8 d\u00e9cembre 2016 relatif aux conditions d&rsquo;ouverture et aux modalit\u00e9s d&rsquo;exercice de la p\u00eache, est abrog\u00e9.<\/p>\n<p><strong>Art. 12.<\/strong> Le Ministre qui a la p\u00eache dans ses attributions est charg\u00e9 de l&rsquo;ex\u00e9cution du pr\u00e9sent arr\u00eat\u00e9.<\/p>\n<\/div><div class=\"fusion-clearfix\"><\/div><\/div><\/div><\/div><\/div>\n","protected":false},"excerpt":{"rendered":"","protected":false},"author":1,"featured_media":0,"comment_status":"open","ping_status":"open","sticky":false,"template":"","format":"standard","meta":{"_monsterinsights_skip_tracking":false,"_monsterinsights_sitenote_active":false,"_monsterinsights_sitenote_note":"","_monsterinsights_sitenote_category":0},"categories":[1],"tags":[],"yoast_head":"<!-- This site is optimized with the Yoast SEO plugin v17.9 - https:\/\/yoast.com\/wordpress\/plugins\/seo\/ -->\n<title>Arr\u00eat\u00e9 du Gouvernement wallon relatif aux permis de p\u00eache - F\u00e9d\u00e9ration Halieutique et Piscicole du Sous Bassin Semois-Chiers<\/title>\n<meta name=\"robots\" content=\"index, follow, max-snippet:-1, max-image-preview:large, max-video-preview:-1\" \/>\n<link rel=\"canonical\" href=\"https:\/\/fhpsbsc.be\/index.php\/2017\/10\/19\/arrete-du-gouvernement-wallon-relatif-aux-permis-de-peche\/\" \/>\n<meta property=\"og:locale\" content=\"fr_FR\" \/>\n<meta property=\"og:type\" content=\"article\" \/>\n<meta property=\"og:title\" content=\"Arr\u00eat\u00e9 du Gouvernement wallon relatif aux permis de p\u00eache - F\u00e9d\u00e9ration Halieutique et Piscicole du Sous Bassin Semois-Chiers\" \/>\n<meta property=\"og:url\" content=\"https:\/\/fhpsbsc.be\/index.php\/2017\/10\/19\/arrete-du-gouvernement-wallon-relatif-aux-permis-de-peche\/\" \/>\n<meta property=\"og:site_name\" content=\"F\u00e9d\u00e9ration Halieutique et Piscicole du Sous Bassin Semois-Chiers\" \/>\n<meta property=\"article:published_time\" content=\"2017-10-18T22:00:50+00:00\" \/>\n<meta property=\"article:modified_time\" content=\"2019-02-03T23:41:52+00:00\" \/>\n<meta name=\"twitter:card\" content=\"summary_large_image\" \/>\n<meta name=\"twitter:label1\" content=\"\u00c9crit par\" \/>\n\t<meta name=\"twitter:data1\" content=\"admin\" \/>\n\t<meta name=\"twitter:label2\" content=\"Dur\u00e9e de lecture estim\u00e9e\" \/>\n\t<meta name=\"twitter:data2\" content=\"8 minutes\" \/>\n<script type=\"application\/ld+json\" class=\"yoast-schema-graph\">{\"@context\":\"https:\/\/schema.org\",\"@graph\":[{\"@type\":\"WebSite\",\"@id\":\"https:\/\/fhpsbsc.be\/#website\",\"url\":\"https:\/\/fhpsbsc.be\/\",\"name\":\"F\\u00e9d\\u00e9ration Halieutique et Piscicole du Sous Bassin Semois-Chiers\",\"description\":\"\",\"potentialAction\":[{\"@type\":\"SearchAction\",\"target\":{\"@type\":\"EntryPoint\",\"urlTemplate\":\"https:\/\/fhpsbsc.be\/?s={search_term_string}\"},\"query-input\":\"required name=search_term_string\"}],\"inLanguage\":\"fr-FR\"},{\"@type\":\"WebPage\",\"@id\":\"https:\/\/fhpsbsc.be\/index.php\/2017\/10\/19\/arrete-du-gouvernement-wallon-relatif-aux-permis-de-peche\/#webpage\",\"url\":\"https:\/\/fhpsbsc.be\/index.php\/2017\/10\/19\/arrete-du-gouvernement-wallon-relatif-aux-permis-de-peche\/\",\"name\":\"Arr\\u00eat\\u00e9 du Gouvernement wallon relatif aux permis de p\\u00eache - F\\u00e9d\\u00e9ration Halieutique et Piscicole du Sous Bassin Semois-Chiers\",\"isPartOf\":{\"@id\":\"https:\/\/fhpsbsc.be\/#website\"},\"datePublished\":\"2017-10-18T22:00:50+00:00\",\"dateModified\":\"2019-02-03T23:41:52+00:00\",\"author\":{\"@id\":\"https:\/\/fhpsbsc.be\/#\/schema\/person\/0a42b673e087e97a00541703add640e1\"},\"breadcrumb\":{\"@id\":\"https:\/\/fhpsbsc.be\/index.php\/2017\/10\/19\/arrete-du-gouvernement-wallon-relatif-aux-permis-de-peche\/#breadcrumb\"},\"inLanguage\":\"fr-FR\",\"potentialAction\":[{\"@type\":\"ReadAction\",\"target\":[\"https:\/\/fhpsbsc.be\/index.php\/2017\/10\/19\/arrete-du-gouvernement-wallon-relatif-aux-permis-de-peche\/\"]}]},{\"@type\":\"BreadcrumbList\",\"@id\":\"https:\/\/fhpsbsc.be\/index.php\/2017\/10\/19\/arrete-du-gouvernement-wallon-relatif-aux-permis-de-peche\/#breadcrumb\",\"itemListElement\":[{\"@type\":\"ListItem\",\"position\":1,\"name\":\"Accueil\",\"item\":\"https:\/\/fhpsbsc.be\/\"},{\"@type\":\"ListItem\",\"position\":2,\"name\":\"Arr\\u00eat\\u00e9 du Gouvernement wallon relatif aux permis de p\\u00eache\"}]},{\"@type\":\"Person\",\"@id\":\"https:\/\/fhpsbsc.be\/#\/schema\/person\/0a42b673e087e97a00541703add640e1\",\"name\":\"admin\",\"image\":{\"@type\":\"ImageObject\",\"@id\":\"https:\/\/fhpsbsc.be\/#personlogo\",\"inLanguage\":\"fr-FR\",\"url\":\"https:\/\/secure.gravatar.com\/avatar\/0a9d908781d5b1516681b898614856d6?s=96&d=mm&r=g\",\"contentUrl\":\"https:\/\/secure.gravatar.com\/avatar\/0a9d908781d5b1516681b898614856d6?s=96&d=mm&r=g\",\"caption\":\"admin\"},\"url\":\"https:\/\/fhpsbsc.be\/index.php\/author\/admin9246\/\"}]}<\/script>\n<!-- \/ Yoast SEO plugin. -->","yoast_head_json":{"title":"Arr\u00eat\u00e9 du Gouvernement wallon relatif aux permis de p\u00eache - F\u00e9d\u00e9ration Halieutique et Piscicole du Sous Bassin Semois-Chiers","robots":{"index":"index","follow":"follow","max-snippet":"max-snippet:-1","max-image-preview":"max-image-preview:large","max-video-preview":"max-video-preview:-1"},"canonical":"https:\/\/fhpsbsc.be\/index.php\/2017\/10\/19\/arrete-du-gouvernement-wallon-relatif-aux-permis-de-peche\/","og_locale":"fr_FR","og_type":"article","og_title":"Arr\u00eat\u00e9 du Gouvernement wallon relatif aux permis de p\u00eache - F\u00e9d\u00e9ration Halieutique et Piscicole du Sous Bassin Semois-Chiers","og_url":"https:\/\/fhpsbsc.be\/index.php\/2017\/10\/19\/arrete-du-gouvernement-wallon-relatif-aux-permis-de-peche\/","og_site_name":"F\u00e9d\u00e9ration Halieutique et Piscicole du Sous Bassin Semois-Chiers","article_published_time":"2017-10-18T22:00:50+00:00","article_modified_time":"2019-02-03T23:41:52+00:00","twitter_card":"summary_large_image","twitter_misc":{"\u00c9crit par":"admin","Dur\u00e9e de lecture estim\u00e9e":"8 minutes"},"schema":{"@context":"https:\/\/schema.org","@graph":[{"@type":"WebSite","@id":"https:\/\/fhpsbsc.be\/#website","url":"https:\/\/fhpsbsc.be\/","name":"F\u00e9d\u00e9ration Halieutique et Piscicole du Sous Bassin Semois-Chiers","description":"","potentialAction":[{"@type":"SearchAction","target":{"@type":"EntryPoint","urlTemplate":"https:\/\/fhpsbsc.be\/?s={search_term_string}"},"query-input":"required name=search_term_string"}],"inLanguage":"fr-FR"},{"@type":"WebPage","@id":"https:\/\/fhpsbsc.be\/index.php\/2017\/10\/19\/arrete-du-gouvernement-wallon-relatif-aux-permis-de-peche\/#webpage","url":"https:\/\/fhpsbsc.be\/index.php\/2017\/10\/19\/arrete-du-gouvernement-wallon-relatif-aux-permis-de-peche\/","name":"Arr\u00eat\u00e9 du Gouvernement wallon relatif aux permis de p\u00eache - F\u00e9d\u00e9ration Halieutique et Piscicole du Sous Bassin Semois-Chiers","isPartOf":{"@id":"https:\/\/fhpsbsc.be\/#website"},"datePublished":"2017-10-18T22:00:50+00:00","dateModified":"2019-02-03T23:41:52+00:00","author":{"@id":"https:\/\/fhpsbsc.be\/#\/schema\/person\/0a42b673e087e97a00541703add640e1"},"breadcrumb":{"@id":"https:\/\/fhpsbsc.be\/index.php\/2017\/10\/19\/arrete-du-gouvernement-wallon-relatif-aux-permis-de-peche\/#breadcrumb"},"inLanguage":"fr-FR","potentialAction":[{"@type":"ReadAction","target":["https:\/\/fhpsbsc.be\/index.php\/2017\/10\/19\/arrete-du-gouvernement-wallon-relatif-aux-permis-de-peche\/"]}]},{"@type":"BreadcrumbList","@id":"https:\/\/fhpsbsc.be\/index.php\/2017\/10\/19\/arrete-du-gouvernement-wallon-relatif-aux-permis-de-peche\/#breadcrumb","itemListElement":[{"@type":"ListItem","position":1,"name":"Accueil","item":"https:\/\/fhpsbsc.be\/"},{"@type":"ListItem","position":2,"name":"Arr\u00eat\u00e9 du Gouvernement wallon relatif aux permis de p\u00eache"}]},{"@type":"Person","@id":"https:\/\/fhpsbsc.be\/#\/schema\/person\/0a42b673e087e97a00541703add640e1","name":"admin","image":{"@type":"ImageObject","@id":"https:\/\/fhpsbsc.be\/#personlogo","inLanguage":"fr-FR","url":"https:\/\/secure.gravatar.com\/avatar\/0a9d908781d5b1516681b898614856d6?s=96&d=mm&r=g","contentUrl":"https:\/\/secure.gravatar.com\/avatar\/0a9d908781d5b1516681b898614856d6?s=96&d=mm&r=g","caption":"admin"},"url":"https:\/\/fhpsbsc.be\/index.php\/author\/admin9246\/"}]}},"_links":{"self":[{"href":"https:\/\/fhpsbsc.be\/index.php\/wp-json\/wp\/v2\/posts\/1784"}],"collection":[{"href":"https:\/\/fhpsbsc.be\/index.php\/wp-json\/wp\/v2\/posts"}],"about":[{"href":"https:\/\/fhpsbsc.be\/index.php\/wp-json\/wp\/v2\/types\/post"}],"author":[{"embeddable":true,"href":"https:\/\/fhpsbsc.be\/index.php\/wp-json\/wp\/v2\/users\/1"}],"replies":[{"embeddable":true,"href":"https:\/\/fhpsbsc.be\/index.php\/wp-json\/wp\/v2\/comments?post=1784"}],"version-history":[{"count":1,"href":"https:\/\/fhpsbsc.be\/index.php\/wp-json\/wp\/v2\/posts\/1784\/revisions"}],"predecessor-version":[{"id":1785,"href":"https:\/\/fhpsbsc.be\/index.php\/wp-json\/wp\/v2\/posts\/1784\/revisions\/1785"}],"wp:attachment":[{"href":"https:\/\/fhpsbsc.be\/index.php\/wp-json\/wp\/v2\/media?parent=1784"}],"wp:term":[{"taxonomy":"category","embeddable":true,"href":"https:\/\/fhpsbsc.be\/index.php\/wp-json\/wp\/v2\/categories?post=1784"},{"taxonomy":"post_tag","embeddable":true,"href":"https:\/\/fhpsbsc.be\/index.php\/wp-json\/wp\/v2\/tags?post=1784"}],"curies":[{"name":"wp","href":"https:\/\/api.w.org\/{rel}","templated":true}]}}